{"id":1,"date":"2020-02-25T12:07:28","date_gmt":"2020-02-25T12:07:28","guid":{"rendered":"http:\/\/www.kalbermatter.edu.pe\/?p=1"},"modified":"2022-11-24T00:38:29","modified_gmt":"2022-11-24T05:38:29","slug":"hola-mundo","status":"publish","type":"post","link":"https:\/\/www.kalbermatter.edu.pe\/index.php\/2020\/02\/25\/hola-mundo\/","title":{"rendered":"SE COMUNICA A LA FAMILIA KALBERMATINA."},"content":{"rendered":"\n<p>Se comunica a todos los estudiantes y padres de familia, que el inicio de Labores Acad\u00e9micas del COLEGIO ADVENTISTA PEDRO KALBERMATTER se realizar\u00e1 el d\u00eda Mi\u00e9rcoles 04 de Marzo.<\/p>\n\n\n\n<figure class=\"wp-block-image size-large\"><img loading=\"lazy\" decoding=\"async\" width=\"960\" height=\"670\" src=\"https:\/\/www.kalbermatter.edu.pe\/wp-content\/uploads\/2020\/03\/noticia1.jpg\" alt=\"\" class=\"wp-image-204\" srcset=\"https:\/\/www.kalbermatter.edu.pe\/wp-content\/uploads\/2020\/03\/noticia1.jpg 960w, https:\/\/www.kalbermatter.edu.pe\/wp-content\/uploads\/2020\/03\/noticia1-300x209.jpg 300w, https:\/\/www.kalbermatter.edu.pe\/wp-content\/uploads\/2020\/03\/noticia1-768x536.jpg 768w\" sizes=\"auto, (max-width: 960px) 100vw, 960px\" \/><\/figure>\n<!-- AddThis Advanced Settings generic via filter on the_content --><!-- AddThis Share Buttons generic via filter on the_content -->","protected":false},"excerpt":{"rendered":"<p>Se comunica a todos los estudiantes y padres de familia, que el inicio de Labores Acad\u00e9micas del COLEGIO ADVENTISTA PEDRO KALBERMATTER se realizar\u00e1 el d\u00eda Mi\u00e9rcoles 04 de Marzo.<!-- AddThis Advanced Settings generic via filter on get_the_excerpt --><!-- AddThis Share Buttons generic via filter on get_the_excerpt --><\/p>\n","protected":false},"author":1,"featured_media":204,"comment_status":"closed","ping_status":"closed","sticky":false,"template":"","format":"standard","meta":{"footnotes":""},"categories":[10],"tags":[],"class_list":["post-1","post","type-post","status-publish","format-standard","has-post-thumbnail","hentry","category-comunicado"],"_links":{"self":[{"href":"https:\/\/www.kalbermatter.edu.pe\/index.php\/wp-json\/wp\/v2\/posts\/1","targetHints":{"allow":["GET"]}}],"collection":[{"href":"https:\/\/www.kalbermatter.edu.pe\/index.php\/wp-json\/wp\/v2\/posts"}],"about":[{"href":"https:\/\/www.kalbermatter.edu.pe\/index.php\/wp-json\/wp\/v2\/types\/post"}],"author":[{"embeddable":true,"href":"https:\/\/www.kalbermatter.edu.pe\/index.php\/wp-json\/wp\/v2\/users\/1"}],"replies":[{"embeddable":true,"href":"https:\/\/www.kalbermatter.edu.pe\/index.php\/wp-json\/wp\/v2\/comments?post=1"}],"version-history":[{"count":3,"href":"https:\/\/www.kalbermatter.edu.pe\/index.php\/wp-json\/wp\/v2\/posts\/1\/revisions"}],"predecessor-version":[{"id":248,"href":"https:\/\/www.kalbermatter.edu.pe\/index.php\/wp-json\/wp\/v2\/posts\/1\/revisions\/248"}],"wp:featuredmedia":[{"embeddable":true,"href":"https:\/\/www.kalbermatter.edu.pe\/index.php\/wp-json\/wp\/v2\/media\/204"}],"wp:attachment":[{"href":"https:\/\/www.kalbermatter.edu.pe\/index.php\/wp-json\/wp\/v2\/media?parent=1"}],"wp:term":[{"taxonomy":"category","embeddable":true,"href":"https:\/\/www.kalbermatter.edu.pe\/index.php\/wp-json\/wp\/v2\/categories?post=1"},{"taxonomy":"post_tag","embeddable":true,"href":"https:\/\/www.kalbermatter.edu.pe\/index.php\/wp-json\/wp\/v2\/tags?post=1"}],"curies":[{"name":"wp","href":"https:\/\/api.w.org\/{rel}","templated":true}]}}